{"id":3441,"date":"2025-08-08T11:53:49","date_gmt":"2025-08-08T11:53:49","guid":{"rendered":"https:\/\/www.scuolagiuffridact.it\/wp\/?p=3441"},"modified":"2025-08-08T11:53:49","modified_gmt":"2025-08-08T11:53:49","slug":"comunicazione-chiusura-locali-scolastici-di-giorno-11-agosto-2025","status":"publish","type":"post","link":"https:\/\/www.scuolagiuffridact.it\/wp\/?p=3441","title":{"rendered":"Comunicazione chiusura locali scolastici di giorno 11 Agosto 2025"},"content":{"rendered":"<p>Si comunica che per consentire la disinfestazione dei locali scolastici nei giorni 11 e 12 Agosto la segreteria funzioner\u00e0 come segue:<br \/>\nluned\u00ec 11: non vi sar\u00e0 ricevimento dell\u2019utenza \u2013 il personale ATA sar\u00e0 in servizio solo per lavoro interno fino alle ore 9.00<br \/>\nmarted\u00ec 12: il personale ATA sar\u00e0 in servizio ed effettuer\u00e0 il ricevimento dell\u2019 utenza dalle ore 10.30 alle ore 12.30<br \/>\nSi comunica inoltre che gioved\u00ec 14 Agosto, giornata prefestiva, la scuola sar\u00e0 chiusa.<\/p>\n","protected":false},"excerpt":{"rendered":"<p>Si comunica che per consentire la disinfestazione dei locali scolastici nei giorni 11 e 12 Agosto la segreteria funzioner\u00e0 come segue: luned\u00ec 11: non vi sar\u00e0 ricevimento dell\u2019utenza \u2013 il personale ATA sar\u00e0 in servizio solo [&hellip;]<\/p>\n","protected":false},"author":2,"featured_media":0,"comment_status":"closed","ping_status":"open","sticky":false,"template":"","format":"standard","meta":{"footnotes":"","_members_access_role":[],"_members_access_error":""},"tags":[280,282,284],"class_list":["post-3441","post","type-post","status-publish","format-standard","hentry","tag-genitori","tag-insegnanti","tag-segreteria","tipologia-articolo-notizie"],"_links":{"self":[{"href":"https:\/\/www.scuolagiuffridact.it\/wp\/index.php?rest_route=\/wp\/v2\/posts\/3441","targetHints":{"allow":["GET"]}}],"collection":[{"href":"https:\/\/www.scuolagiuffridact.it\/wp\/index.php?rest_route=\/wp\/v2\/posts"}],"about":[{"href":"https:\/\/www.scuolagiuffridact.it\/wp\/index.php?rest_route=\/wp\/v2\/types\/post"}],"author":[{"embeddable":true,"href":"https:\/\/www.scuolagiuffridact.it\/wp\/index.php?rest_route=\/wp\/v2\/users\/2"}],"replies":[{"embeddable":true,"href":"https:\/\/www.scuolagiuffridact.it\/wp\/index.php?rest_route=%2Fwp%2Fv2%2Fcomments&post=3441"}],"version-history":[{"count":1,"href":"https:\/\/www.scuolagiuffridact.it\/wp\/index.php?rest_route=\/wp\/v2\/posts\/3441\/revisions"}],"predecessor-version":[{"id":3442,"href":"https:\/\/www.scuolagiuffridact.it\/wp\/index.php?rest_route=\/wp\/v2\/posts\/3441\/revisions\/3442"}],"wp:attachment":[{"href":"https:\/\/www.scuolagiuffridact.it\/wp\/index.php?rest_route=%2Fwp%2Fv2%2Fmedia&parent=3441"}],"wp:term":[{"taxonomy":"post_tag","embeddable":true,"href":"https:\/\/www.scuolagiuffridact.it\/wp\/index.php?rest_route=%2Fwp%2Fv2%2Ftags&post=3441"}],"curies":[{"name":"wp","href":"https:\/\/api.w.org\/{rel}","templated":true}]}}